{"id":513,"date":"2024-09-19T12:12:01","date_gmt":"2024-09-19T15:12:01","guid":{"rendered":"https:\/\/bc.novooobj.xyz\/qual-o-prazo-e-obrigatoriedade-para-o-manifesto-do-destinatario-no-rio-de-janeiro-rj\/"},"modified":"2024-09-19T12:12:01","modified_gmt":"2024-09-19T15:12:01","slug":"prazo-obrigatoriedade-manifestacao-destinatario-rj","status":"publish","type":"post","link":"https:\/\/oobj.com.br\/bc\/prazo-obrigatoriedade-manifestacao-destinatario-rj\/","title":{"rendered":"Qual o prazo e obrigatoriedade para o Manifesto do Destinat\u00e1rio no Rio de Janeiro (RJ)?"},"content":{"rendered":"<p style=\"text-align: justify;\"><span style=\"color: #3366ff; font-size: large;\">Problema<\/span><\/p>\n<p style=\"text-align: justify;\">Em muitos casos o destinat\u00e1rio de uma NF-e tem a obriga\u00e7\u00e3o de realizar a Manifesta\u00e7\u00e3o do Destinat\u00e1rio. Saiba quais os prazos e a obrigatoriedade para o Manifesto do Destinat\u00e1rio no Estado do Rio de Janeiro (RJ).<\/span><\/p>\n<p style=\"text-align: justify;\"> <span style=\"font-size: large; color: #3366ff;\"> Solu\u00e7\u00e3o\/Procedimento <\/span><\/p>\n<p style=\"text-align: justify;\"> A obrigatoriedade da Manifesta\u00e7\u00e3o do Destinat\u00e1rio, no Rio de Janeiro (RJ), aplica-se a toda NF-e que: <\/span><\/p>\n<p style=\"text-align: justify;\"> 1 &#8211; Exija o preenchimento do Grupo Detalhamento Espec\u00edfico de Combust\u00edveis, nos casos de circula\u00e7\u00e3o de mercadoria destinada a: <\/span><\/p>\n<p style=\"margin-left: 30px; text-align: justify;\"> a) Estabelecimentos distribuidores de combust\u00edveis,  a partir de 1\u00ba de mar\u00e7o de 2013<\/span>; <\/span><\/p>\n<p style=\"margin-left: 30px; text-align: justify;\"> b) Postos de combust\u00edveis e transportadores revendedores retalhistas , a partir de 1\u00ba de julho de 2013<\/span>; <\/span><\/p>\n<p style=\"text-align: justify;\"> 2 &#8211; Acoberte opera\u00e7\u00f5es com \u00e1lcool para fins n\u00e3o-combust\u00edveis, transportado a granel , a partir de 1\u00ba de julho de 2014<\/span>; <\/span><\/p>\n<p style=\"text-align: justify;\"> 3 &#8211; Nos casos em que o destinat\u00e1rio for um estabelecimento distribuidor ou atacadista, acoberte, a partir de 1\u00ba de agosto de 2015, a circula\u00e7\u00e3o de: <\/span><\/p>\n<p style=\"margin-left: 30px; text-align: justify;\"> a) Cigarros; <\/span><\/p>\n<p style=\"margin-left: 30px; text-align: justify;\"> b) Bebidas alco\u00f3licas, inclusive cervejas e chopes; <\/span><\/p>\n<p style=\"margin-left: 30px; text-align: justify;\"> c) Refrigerantes e \u00e1gua mineral. <\/span><\/p>\n<p style=\"text-align: justify;\"> 4 &#8211; Tenha sido recusada pelo destinat\u00e1rio, hip\u00f3tese em que dever\u00e1 ser utilizado &#8220;Opera\u00e7\u00e3o n\u00e3o Realizada\u201d ou \u201cDesconhecimento da Opera\u00e7\u00e3o\u201d, conforme o caso. <\/span><\/p>\n<p style=\"text-align: justify;\"> 5 &#8211; Que tiver valor de opera\u00e7\u00e3o superior a R$ 100.000,00 (cem mil reais); <\/span><\/p>\n<p style=\"text-align: justify;\"> \u00a0 <\/span><\/p>\n<p style=\"text-align: justify;\">Quanto aos prazos para registro da Manifesta\u00e7\u00e3o do Destinat\u00e1rio:<\/span><\/p>\n<ul style=\"text-align: justify;\">\n  Em caso de opera\u00e7\u00f5es internas:<\/li>\n<\/ul>\n<table border=\"1\" cellspacing=\"0\">\n<tbody>\n<tr bgcolor=\"#D3D3D3\">\n<td width=\"230\"><center><strong> <span style=\"font-size: small;\"> Evento <\/span> <\/strong><\/span><\/center><\/td>\n<td width=\"240\"><center><strong> <span style=\"font-size: small;\"> Inciso do \u00a7 1\u00ba da cl\u00e1usula 15\u00aa-A <\/span> <\/strong><\/span><\/center><\/td>\n<td width=\"50\"><center><strong> <span style=\"font-size: small;\"> Dias <\/span> <\/strong><\/span><\/center><\/td>\n<\/tr>\n<tr>\n<td><center><span style=\"font-size: small; \"> Confirma\u00e7\u00e3o da Opera\u00e7\u00e3o <\/span><\/center><\/td>\n<td><center><span style=\"font-size: small; \"> V <\/span><\/center><\/td>\n<td><center><span style=\"font-size: small; \"> 20 <\/span><\/center><\/td>\n<\/tr>\n<tr>\n<td><center><span style=\"font-size: small; \"> Opera\u00e7\u00e3o n\u00e3o Realizada <\/span><\/center><\/td>\n<td><center><span style=\"font-size: small; \"> VI <\/span><\/center><\/td>\n<td><center><span style=\"font-size: small; \"> 20 <\/span><\/center><\/td>\n<\/tr>\n<tr>\n<td><center><span style=\"font-size: small; \"> Desconhecimento da Realizada <\/span><\/center><\/td>\n<td><center><span style=\"font-size: small; \"> VII <\/span><\/center><\/td>\n<td><center><span style=\"font-size: small; \"> 10 <\/span><\/center><\/td>\n<\/tr>\n<\/tbody>\n<\/table>\n<ul style=\"text-align: justify;\">\n Em caso de opera\u00e7\u00f5es interestaduais:<\/li>\n<\/ul>\n<table border=\"1\" cellspacing=\"0\">\n<tbody>\n<tr bgcolor=\"#D3D3D3\">\n<td width=\"230\"><center><strong> <span style=\"font-size: small;\"> Evento <\/span> <\/strong><\/span><\/center><\/td>\n<td width=\"240\"><center><strong> <span style=\"font-size: small;\"> Inciso do \u00a7 1\u00ba da cl\u00e1usula 15\u00aa-A <\/span> <\/strong><\/span><\/center><\/td>\n<td width=\"50\"><center><strong> <span style=\"font-size: small;\"> Dias <\/span> <\/strong><\/span><\/center><\/td>\n<\/tr>\n<tr>\n<td><center><span style=\"font-size: small; \"> Confirma\u00e7\u00e3o da Opera\u00e7\u00e3o <\/span><\/center><\/td>\n<td><center><span style=\"font-size: small; \"> V <\/span><\/center><\/td>\n<td><center><span style=\"font-size: small; \"> 35 <\/span><\/center><\/td>\n<\/tr>\n<tr>\n<td><center><span style=\"font-size: small; \"> Opera\u00e7\u00e3o n\u00e3o Realizada <\/span><\/center><\/td>\n<td><center><span style=\"font-size: small; \"> VI <\/span><\/center><\/td>\n<td><center><span style=\"font-size: small; \"> 35 <\/span><\/center><\/td>\n<\/tr>\n<tr>\n<td><center><span style=\"font-size: small; \"> Desconhecimento da Realizada <\/span><\/center><\/td>\n<td><center><span style=\"font-size: small; \"> VII <\/span><\/center><\/td>\n<td><center><span style=\"font-size: small; \"> 15 <\/span><\/center><\/td>\n<\/tr>\n<\/tbody>\n<\/table>\n<ul style=\"text-align: justify;\">\n \u00a0Em caso de opera\u00e7\u00f5es interestaduais destinadas a \u00e1reas incentivada:<\/li>\n<\/ul>\n<table border=\"1\" cellspacing=\"0\">\n<tbody>\n<tr bgcolor=\"#D3D3D3\">\n<td width=\"230\"><center><strong> <span style=\"font-size: small;\"> Evento <\/span> <\/strong><\/span><\/center><\/td>\n<td width=\"240\"><center><strong> <span style=\"font-size: small;\"> Inciso do \u00a7 1\u00ba da cl\u00e1usula 15\u00aa-A <\/span> <\/strong><\/span><\/center><\/td>\n<td width=\"50\"><center><strong> <span style=\"font-size: small;\"> Dias <\/span> <\/strong><\/span><\/center><\/td>\n<\/tr>\n<tr>\n<td><center><span style=\"font-size: small; \"> Confirma\u00e7\u00e3o da Opera\u00e7\u00e3o <\/span><\/center><\/td>\n<td><center><span style=\"font-size: small; \"> V <\/span><\/center><\/td>\n<td><center><span style=\"font-size: small; \"> 70 <\/span><\/center><\/td>\n<\/tr>\n<tr>\n<td><center><span style=\"font-size: small; \"> Opera\u00e7\u00e3o n\u00e3o Realizada <\/span><\/center><\/td>\n<td><center><span style=\"font-size: small; \"> VI <\/span><\/center><\/td>\n<td><center><span style=\"font-size: small; \"> 70 <\/span><\/center><\/td>\n<\/tr>\n<tr>\n<td><center><span style=\"font-size: small; \"> Desconhecimento da Realizada <\/span><\/center><\/td>\n<td><center><span style=\"font-size: small; \"> VII <\/span><\/center><\/td>\n<td><center><span style=\"font-size: small; \"> 15 <\/span><\/center><\/td>\n<\/tr>\n<\/tbody>\n<\/table>\n<div style=\"text-align: justify;\">\u00a0<\/div>\n<div class=\"txt-tpl\" style=\"text-align: justify;\">\n<div class=\"info-tpl\">\n<div class=\"info-tpl-header\">Observa\u00e7\u00e3o<\/div>\n<div class=\"info-tpl-content\">\n<p> O Evento de Ci\u00eancia da Opera\u00e7\u00e3o n\u00e3o tem prazo ou obrigatoriedade para registro, visto ser opcional sua homologa\u00e7\u00e3o. <\/span><\/p>\n<\/div>\n<\/div>\n<\/div>\n<p>Para saber mais os tipos de Manifesta\u00e7\u00e3o do Destinat\u00e1rio (MD), acesse o artigo:\u00a0<\/span>\u00a0<a href=\"https:\/\/www.oobj.com.br\/bc\/article.php?id=41\">Quais s\u00e3o os Eventos de Manifesta\u00e7\u00e3o Destinat\u00e1rio?<\/a><\/p>\n<p>Se precisa saber mais sobre como registrar a Manifesta\u00e7\u00e3o do Destinat\u00e1rio ou receber os documentos em que \u00e9 destinat\u00e1rio, acesse o nosso site no endere\u00e7o abaixo e solicite contato e\/ou or\u00e7amento para conhecer a melhor solu\u00e7\u00e3o para os seus neg\u00f3cios:\u00a0<\/span><\/p>\n<ul>\n<li><a href=\"http:\/\/oobj.com.br\/solucoes\/recebe-dfe\">http:\/\/oobj.com.br\/solucoes\/recebe-dfe<\/a><\/li>\n<\/ul>\n<p style=\"text-align: justify;\">Este artigo foi elaborado no dia 10\/08\/2015, com base em publica\u00e7\u00f5es oficiais vigentes da Secretaria da Fazenda dispostas no\u00a0Ajuste SINIEF 23, de 5 de Dezembro de 2014. A legisla\u00e7\u00e3o pode sofrer altera\u00e7\u00f5es a qualquer momento e por esse motivo \u00e9 importante sempre consultar o seu contator e estar atento \u00e0s leis Nacionais e do seu Estado.<\/span><\/p>\n<p> \u00a0<\/span><\/p>\n<p style=\"text-align: justify;\"><span style=\"color: #3366ff; font-size: large; text-align: justify;\"> Refer\u00eancia <\/span><\/p>\n<ul style=\"text-align: justify;\">\n <a href=\"http:\/\/www.fazenda.rj.gov.br\/sefaz\/faces\/menu_structure\/instituicao\/navigation9\/folder874\/menu_instituicao_reparticoesFazendarias\/ReparticaoesFazendarias-Enderecos?_afrLoop=660242823501000&amp;amp;datasource=UCMServer#dDocName:WCC223398&amp;amp;_adf.ctrl-state=i71dcvykw_531#cap_III\"> http:\/\/www.fazenda.rj.gov.br\/sefaz\/faces\/menu_structure\/instituicao\/navigation9\/folder874\/menu_instituicao_reparticoesFazendarias\/ReparticaoesFazendarias-Enderecos?_afrLoop=660242823501000&amp;amp;datasource=UCMServer#dDocName:WCC223398&amp;amp;_adf.ctrl-state=i71dcvykw_531#cap_III<br \/> <\/a><\/li>\n<p> <a href=\"http:\/\/www.fazenda.rj.gov.br\/sefaz\/faces\/oracle\/webcenter\/portalapp\/pages\/navigation-renderer.jspx?_afrLoop=658339665839000&amp;amp;datasource=UCMServer#dDocName:WCC227428&amp;amp;_adf.ctrl-state=i71dcvykw_122\"> http:\/\/www.fazenda.rj.gov.br\/sefaz\/faces\/oracle\/webcenter\/portalapp\/pages\/navigation-renderer.jspx?_afrLoop=658339665839000&amp;amp;datasource=UCMServer#dDocName:WCC227428&amp;amp;_adf.ctrl-state=i71dcvykw_122<br \/> <\/a><\/li>\n<p> <a href=\"http:\/\/www.fazenda.rj.gov.br\/sefaz\/faces\/oracle\/webcenter\/portalapp\/pages\/navigation-renderer.jspx?_afrLoop=659077764917000&amp;amp;datasource=UCMServer#dDocName:3086053&amp;amp;_afrWindowMode=0&amp;amp;_adf.ctrl-state=i71dcvykw_181\"> http:\/\/www.fazenda.rj.gov.br\/sefaz\/faces\/oracle\/webcenter\/portalapp\/pages\/navigation-renderer.jspx?<br \/>_afrLoop=659077764917000&amp;amp;datasource=UCMServer#dDocName:3086053&amp;amp;_afrWindowMode=0&amp;amp;_adf.ctrl-state=i71dcvykw_181<\/a><\/li>\n<li><a href=\"http:\/\/www1.fazenda.gov.br\/confaz\/confaz\/ajustes\/2014\/AJ_023_14.htm\">http:\/\/www1.fazenda.gov.br\/confaz\/confaz\/ajustes\/2014\/AJ_023_14.htm<br \/><\/a><\/li>\n<li><a href=\"https:\/\/www.confaz.fazenda.gov.br\/legislacao\/ajustes\/2005\/aj_007_05\">https:\/\/www.confaz.fazenda.gov.br\/legislacao\/ajustes\/2005\/aj_007_05<\/a><\/li>\n<\/ul>\n","protected":false},"excerpt":{"rendered":"Problema Em muitos casos o destinat\u00e1rio de uma NF-e tem a obriga\u00e7\u00e3o de realizar a Manifesta\u00e7\u00e3o do Destinat\u00e1rio. Saiba quais&hellip;","protected":false},"author":2,"featured_media":0,"comment_status":"open","ping_status":"open","sticky":false,"template":"","format":"standard","meta":{"_acf_changed":false,"ub_ctt_via":"","footnotes":""},"categories":[145],"tags":[202],"class_list":["post-513","post","type-post","status-publish","format-standard","hentry","category-duvidas-comuns","tag-nao-revisado"],"acf":[],"featured_image_src":null,"author_info":{"display_name":"Malu Duarte","author_link":"https:\/\/oobj.com.br\/bc\/author\/malu-duarte\/"},"yoast_head":"<!-- This site is optimized with the Yoast SEO plugin v23.7 - https:\/\/yoast.com\/wordpress\/plugins\/seo\/ -->\n<title>Qual o prazo e obrigatoriedade para o Manifesto do Destinat\u00e1rio no Rio de Janeiro (RJ)? - Base de Conhecimento - Oobj<\/title>\n<meta name=\"robots\" content=\"index, follow, max-snippet:-1, max-image-preview:large, max-video-preview:-1\" \/>\n<link rel=\"canonical\" href=\"https:\/\/oobj.com.br\/bc\/prazo-obrigatoriedade-manifestacao-destinatario-rj\/\" \/>\n<meta property=\"og:locale\" content=\"pt_BR\" \/>\n<meta property=\"og:type\" content=\"article\" \/>\n<meta property=\"og:title\" content=\"Qual o prazo e obrigatoriedade para o Manifesto do Destinat\u00e1rio no Rio de Janeiro (RJ)? - Base de Conhecimento - Oobj\" \/>\n<meta property=\"og:description\" content=\"Problema Em muitos casos o destinat\u00e1rio de uma NF-e tem a obriga\u00e7\u00e3o de realizar a Manifesta\u00e7\u00e3o do Destinat\u00e1rio. Saiba quais&hellip;\" \/>\n<meta property=\"og:url\" content=\"https:\/\/oobj.com.br\/bc\/prazo-obrigatoriedade-manifestacao-destinatario-rj\/\" \/>\n<meta property=\"og:site_name\" content=\"Base de Conhecimento - Oobj\" \/>\n<meta property=\"article:publisher\" content=\"https:\/\/www.facebook.com\/oobjti\" \/>\n<meta property=\"article:published_time\" content=\"2024-09-19T15:12:01+00:00\" \/>\n<meta name=\"author\" content=\"Malu Duarte\" \/>\n<meta name=\"twitter:card\" content=\"summary_large_image\" \/>\n<meta name=\"twitter:label1\" content=\"Escrito por\" \/>\n\t<meta name=\"twitter:data1\" content=\"Malu Duarte\" \/>\n\t<meta name=\"twitter:label2\" content=\"Est. tempo de leitura\" \/>\n\t<meta name=\"twitter:data2\" content=\"3 minutos\" \/>\n<script type=\"application\/ld+json\" class=\"yoast-schema-graph\">{\"@context\":\"https:\/\/schema.org\",\"@graph\":[{\"@type\":\"Article\",\"@id\":\"https:\/\/oobj.com.br\/bc\/prazo-obrigatoriedade-manifestacao-destinatario-rj\/#article\",\"isPartOf\":{\"@id\":\"https:\/\/oobj.com.br\/bc\/prazo-obrigatoriedade-manifestacao-destinatario-rj\/\"},\"author\":{\"name\":\"Malu Duarte\",\"@id\":\"https:\/\/oobj.com.br\/bc\/#\/schema\/person\/d5b05a7bbe2be07843923019324402ad\"},\"headline\":\"Qual o prazo e obrigatoriedade para o Manifesto do Destinat\u00e1rio no Rio de Janeiro (RJ)?\",\"datePublished\":\"2024-09-19T15:12:01+00:00\",\"dateModified\":\"2024-09-19T15:12:01+00:00\",\"mainEntityOfPage\":{\"@id\":\"https:\/\/oobj.com.br\/bc\/prazo-obrigatoriedade-manifestacao-destinatario-rj\/\"},\"wordCount\":599,\"commentCount\":0,\"publisher\":{\"@id\":\"https:\/\/oobj.com.br\/bc\/#organization\"},\"keywords\":[\"nao revisado\"],\"articleSection\":[\"D\u00favidas comuns\"],\"inLanguage\":\"pt-BR\",\"potentialAction\":[{\"@type\":\"CommentAction\",\"name\":\"Comment\",\"target\":[\"https:\/\/oobj.com.br\/bc\/prazo-obrigatoriedade-manifestacao-destinatario-rj\/#respond\"]}]},{\"@type\":\"WebPage\",\"@id\":\"https:\/\/oobj.com.br\/bc\/prazo-obrigatoriedade-manifestacao-destinatario-rj\/\",\"url\":\"https:\/\/oobj.com.br\/bc\/prazo-obrigatoriedade-manifestacao-destinatario-rj\/\",\"name\":\"Qual o prazo e obrigatoriedade para o Manifesto do Destinat\u00e1rio no Rio de Janeiro (RJ)? - Base de Conhecimento - Oobj\",\"isPartOf\":{\"@id\":\"https:\/\/oobj.com.br\/bc\/#website\"},\"datePublished\":\"2024-09-19T15:12:01+00:00\",\"dateModified\":\"2024-09-19T15:12:01+00:00\",\"breadcrumb\":{\"@id\":\"https:\/\/oobj.com.br\/bc\/prazo-obrigatoriedade-manifestacao-destinatario-rj\/#breadcrumb\"},\"inLanguage\":\"pt-BR\",\"potentialAction\":[{\"@type\":\"ReadAction\",\"target\":[\"https:\/\/oobj.com.br\/bc\/prazo-obrigatoriedade-manifestacao-destinatario-rj\/\"]}]},{\"@type\":\"BreadcrumbList\",\"@id\":\"https:\/\/oobj.com.br\/bc\/prazo-obrigatoriedade-manifestacao-destinatario-rj\/#breadcrumb\",\"itemListElement\":[{\"@type\":\"ListItem\",\"position\":1,\"name\":\"In\u00edcio\",\"item\":\"https:\/\/oobj.com.br\/bc\/\"},{\"@type\":\"ListItem\",\"position\":2,\"name\":\"Qual o prazo e obrigatoriedade para o Manifesto do Destinat\u00e1rio no Rio de Janeiro (RJ)?\"}]},{\"@type\":\"WebSite\",\"@id\":\"https:\/\/oobj.com.br\/bc\/#website\",\"url\":\"https:\/\/oobj.com.br\/bc\/\",\"name\":\"Base de Conhecimento - Oobj\",\"description\":\"Aprenda tudo sobre nossas solu\u00e7\u00f5es, desde o que significa um \u00edcone na tela at\u00e9 como completar uma tarefa.\",\"publisher\":{\"@id\":\"https:\/\/oobj.com.br\/bc\/#organization\"},\"potentialAction\":[{\"@type\":\"SearchAction\",\"target\":{\"@type\":\"EntryPoint\",\"urlTemplate\":\"https:\/\/oobj.com.br\/bc\/?s={search_term_string}\"},\"query-input\":{\"@type\":\"PropertyValueSpecification\",\"valueRequired\":true,\"valueName\":\"search_term_string\"}}],\"inLanguage\":\"pt-BR\"},{\"@type\":\"Organization\",\"@id\":\"https:\/\/oobj.com.br\/bc\/#organization\",\"name\":\"Oobj Tecnologia da Informa\u00e7\u00e3o\",\"url\":\"https:\/\/oobj.com.br\/bc\/\",\"logo\":{\"@type\":\"ImageObject\",\"inLanguage\":\"pt-BR\",\"@id\":\"https:\/\/oobj.com.br\/bc\/#\/schema\/logo\/image\/\",\"url\":\"https:\/\/oobj.com.br\/bc\/wp-content\/uploads\/2024\/10\/logo.png\",\"contentUrl\":\"https:\/\/oobj.com.br\/bc\/wp-content\/uploads\/2024\/10\/logo.png\",\"width\":512,\"height\":168,\"caption\":\"Oobj Tecnologia da Informa\u00e7\u00e3o\"},\"image\":{\"@id\":\"https:\/\/oobj.com.br\/bc\/#\/schema\/logo\/image\/\"},\"sameAs\":[\"https:\/\/www.facebook.com\/oobjti\",\"https:\/\/www.instagram.com\/oobjti\",\"https:\/\/www.linkedin.com\/company\/oobjti\/\"]},{\"@type\":\"Person\",\"@id\":\"https:\/\/oobj.com.br\/bc\/#\/schema\/person\/d5b05a7bbe2be07843923019324402ad\",\"name\":\"Malu Duarte\",\"image\":{\"@type\":\"ImageObject\",\"inLanguage\":\"pt-BR\",\"@id\":\"https:\/\/oobj.com.br\/bc\/#\/schema\/person\/image\/\",\"url\":\"https:\/\/oobj.com.br\/bc\/wp-content\/uploads\/nsl_avatars\/454927dc8b9b69d69aaf0b3bee9c909b.png\",\"contentUrl\":\"https:\/\/oobj.com.br\/bc\/wp-content\/uploads\/nsl_avatars\/454927dc8b9b69d69aaf0b3bee9c909b.png\",\"caption\":\"Malu Duarte\"},\"url\":\"https:\/\/oobj.com.br\/bc\/author\/malu-duarte\/\"}]}<\/script>\n<!-- \/ Yoast SEO plugin. -->","yoast_head_json":{"title":"Qual o prazo e obrigatoriedade para o Manifesto do Destinat\u00e1rio no Rio de Janeiro (RJ)? - Base de Conhecimento - Oobj","robots":{"index":"index","follow":"follow","max-snippet":"max-snippet:-1","max-image-preview":"max-image-preview:large","max-video-preview":"max-video-preview:-1"},"canonical":"https:\/\/oobj.com.br\/bc\/prazo-obrigatoriedade-manifestacao-destinatario-rj\/","og_locale":"pt_BR","og_type":"article","og_title":"Qual o prazo e obrigatoriedade para o Manifesto do Destinat\u00e1rio no Rio de Janeiro (RJ)? - Base de Conhecimento - Oobj","og_description":"Problema Em muitos casos o destinat\u00e1rio de uma NF-e tem a obriga\u00e7\u00e3o de realizar a Manifesta\u00e7\u00e3o do Destinat\u00e1rio. Saiba quais&hellip;","og_url":"https:\/\/oobj.com.br\/bc\/prazo-obrigatoriedade-manifestacao-destinatario-rj\/","og_site_name":"Base de Conhecimento - Oobj","article_publisher":"https:\/\/www.facebook.com\/oobjti","article_published_time":"2024-09-19T15:12:01+00:00","author":"Malu Duarte","twitter_card":"summary_large_image","twitter_misc":{"Escrito por":"Malu Duarte","Est. tempo de leitura":"3 minutos"},"schema":{"@context":"https:\/\/schema.org","@graph":[{"@type":"Article","@id":"https:\/\/oobj.com.br\/bc\/prazo-obrigatoriedade-manifestacao-destinatario-rj\/#article","isPartOf":{"@id":"https:\/\/oobj.com.br\/bc\/prazo-obrigatoriedade-manifestacao-destinatario-rj\/"},"author":{"name":"Malu Duarte","@id":"https:\/\/oobj.com.br\/bc\/#\/schema\/person\/d5b05a7bbe2be07843923019324402ad"},"headline":"Qual o prazo e obrigatoriedade para o Manifesto do Destinat\u00e1rio no Rio de Janeiro (RJ)?","datePublished":"2024-09-19T15:12:01+00:00","dateModified":"2024-09-19T15:12:01+00:00","mainEntityOfPage":{"@id":"https:\/\/oobj.com.br\/bc\/prazo-obrigatoriedade-manifestacao-destinatario-rj\/"},"wordCount":599,"commentCount":0,"publisher":{"@id":"https:\/\/oobj.com.br\/bc\/#organization"},"keywords":["nao revisado"],"articleSection":["D\u00favidas comuns"],"inLanguage":"pt-BR","potentialAction":[{"@type":"CommentAction","name":"Comment","target":["https:\/\/oobj.com.br\/bc\/prazo-obrigatoriedade-manifestacao-destinatario-rj\/#respond"]}]},{"@type":"WebPage","@id":"https:\/\/oobj.com.br\/bc\/prazo-obrigatoriedade-manifestacao-destinatario-rj\/","url":"https:\/\/oobj.com.br\/bc\/prazo-obrigatoriedade-manifestacao-destinatario-rj\/","name":"Qual o prazo e obrigatoriedade para o Manifesto do Destinat\u00e1rio no Rio de Janeiro (RJ)? - Base de Conhecimento - Oobj","isPartOf":{"@id":"https:\/\/oobj.com.br\/bc\/#website"},"datePublished":"2024-09-19T15:12:01+00:00","dateModified":"2024-09-19T15:12:01+00:00","breadcrumb":{"@id":"https:\/\/oobj.com.br\/bc\/prazo-obrigatoriedade-manifestacao-destinatario-rj\/#breadcrumb"},"inLanguage":"pt-BR","potentialAction":[{"@type":"ReadAction","target":["https:\/\/oobj.com.br\/bc\/prazo-obrigatoriedade-manifestacao-destinatario-rj\/"]}]},{"@type":"BreadcrumbList","@id":"https:\/\/oobj.com.br\/bc\/prazo-obrigatoriedade-manifestacao-destinatario-rj\/#breadcrumb","itemListElement":[{"@type":"ListItem","position":1,"name":"In\u00edcio","item":"https:\/\/oobj.com.br\/bc\/"},{"@type":"ListItem","position":2,"name":"Qual o prazo e obrigatoriedade para o Manifesto do Destinat\u00e1rio no Rio de Janeiro (RJ)?"}]},{"@type":"WebSite","@id":"https:\/\/oobj.com.br\/bc\/#website","url":"https:\/\/oobj.com.br\/bc\/","name":"Base de Conhecimento - Oobj","description":"Aprenda tudo sobre nossas solu\u00e7\u00f5es, desde o que significa um \u00edcone na tela at\u00e9 como completar uma tarefa.","publisher":{"@id":"https:\/\/oobj.com.br\/bc\/#organization"},"potentialAction":[{"@type":"SearchAction","target":{"@type":"EntryPoint","urlTemplate":"https:\/\/oobj.com.br\/bc\/?s={search_term_string}"},"query-input":{"@type":"PropertyValueSpecification","valueRequired":true,"valueName":"search_term_string"}}],"inLanguage":"pt-BR"},{"@type":"Organization","@id":"https:\/\/oobj.com.br\/bc\/#organization","name":"Oobj Tecnologia da Informa\u00e7\u00e3o","url":"https:\/\/oobj.com.br\/bc\/","logo":{"@type":"ImageObject","inLanguage":"pt-BR","@id":"https:\/\/oobj.com.br\/bc\/#\/schema\/logo\/image\/","url":"https:\/\/oobj.com.br\/bc\/wp-content\/uploads\/2024\/10\/logo.png","contentUrl":"https:\/\/oobj.com.br\/bc\/wp-content\/uploads\/2024\/10\/logo.png","width":512,"height":168,"caption":"Oobj Tecnologia da Informa\u00e7\u00e3o"},"image":{"@id":"https:\/\/oobj.com.br\/bc\/#\/schema\/logo\/image\/"},"sameAs":["https:\/\/www.facebook.com\/oobjti","https:\/\/www.instagram.com\/oobjti","https:\/\/www.linkedin.com\/company\/oobjti\/"]},{"@type":"Person","@id":"https:\/\/oobj.com.br\/bc\/#\/schema\/person\/d5b05a7bbe2be07843923019324402ad","name":"Malu Duarte","image":{"@type":"ImageObject","inLanguage":"pt-BR","@id":"https:\/\/oobj.com.br\/bc\/#\/schema\/person\/image\/","url":"https:\/\/oobj.com.br\/bc\/wp-content\/uploads\/nsl_avatars\/454927dc8b9b69d69aaf0b3bee9c909b.png","contentUrl":"https:\/\/oobj.com.br\/bc\/wp-content\/uploads\/nsl_avatars\/454927dc8b9b69d69aaf0b3bee9c909b.png","caption":"Malu Duarte"},"url":"https:\/\/oobj.com.br\/bc\/author\/malu-duarte\/"}]}},"_links":{"self":[{"href":"https:\/\/oobj.com.br\/bc\/wp-json\/wp\/v2\/posts\/513","targetHints":{"allow":["GET"]}}],"collection":[{"href":"https:\/\/oobj.com.br\/bc\/wp-json\/wp\/v2\/posts"}],"about":[{"href":"https:\/\/oobj.com.br\/bc\/wp-json\/wp\/v2\/types\/post"}],"author":[{"embeddable":true,"href":"https:\/\/oobj.com.br\/bc\/wp-json\/wp\/v2\/users\/2"}],"replies":[{"embeddable":true,"href":"https:\/\/oobj.com.br\/bc\/wp-json\/wp\/v2\/comments?post=513"}],"version-history":[{"count":0,"href":"https:\/\/oobj.com.br\/bc\/wp-json\/wp\/v2\/posts\/513\/revisions"}],"wp:attachment":[{"href":"https:\/\/oobj.com.br\/bc\/wp-json\/wp\/v2\/media?parent=513"}],"wp:term":[{"taxonomy":"category","embeddable":true,"href":"https:\/\/oobj.com.br\/bc\/wp-json\/wp\/v2\/categories?post=513"},{"taxonomy":"post_tag","embeddable":true,"href":"https:\/\/oobj.com.br\/bc\/wp-json\/wp\/v2\/tags?post=513"}],"curies":[{"name":"wp","href":"https:\/\/api.w.org\/{rel}","templated":true}]}}